{"id":21909,"date":"2026-03-06T11:33:03","date_gmt":"2026-03-06T10:33:03","guid":{"rendered":"https:\/\/www.sportingclubplaisance.org\/scp-rme.fr\/BlogRME\/?p=21909"},"modified":"2026-03-06T11:33:03","modified_gmt":"2026-03-06T10:33:03","slug":"8-03-26-n3-boucle-montagne-dalaric","status":"publish","type":"post","link":"https:\/\/www.sportingclubplaisance.org\/scp-rme.fr\/BlogRME\/divers\/8-03-26-n3-boucle-montagne-dalaric\/","title":{"rendered":"8\/03\/26 &#8211; N3 &#8211; Boucle montagne d&rsquo;Alaric"},"content":{"rendered":"<p><span style=\"color: #333333;font-size: 12pt\"><span style=\"font-family: Arial, sans-serif\">Bonjour,<\/span><\/span><\/p>\n<p><span style=\"color: #333333;font-size: 12pt\"><span style=\"font-family: Arial, sans-serif\">Je vous propose une belle randonn\u00e9e en boucle dans la montagne d&rsquo;Alaric aux portes de Carcassonne. <\/span><\/span><\/p>\n<p><span style=\"font-size: 12pt\"><span style=\"color: #333333\"><span style=\"font-family: Arial, sans-serif\">Nous <\/span><\/span><span style=\"color: #333333\"><span style=\"font-family: Arial, sans-serif\">partirons de Moux et non de Douzens comme initialement pr\u00e9vu.<\/span><\/span><\/span><\/p>\n<p><span style=\"color: #333333;font-size: 12pt\"><span style=\"font-family: Arial, sans-serif\">La montagne d\u2019Alaric offre, par temps clair,\u00a0 une superbe vue panoramique sur les Pyren\u00e9es et la plaine audoise.<\/span><\/span><\/p>\n<p><span style=\"font-size: 12pt\"><span style=\"color: #333333\"><span style=\"font-family: Arial, sans-serif\">Nous <\/span><\/span> <span style=\"color: #333333\"><span style=\"font-family: Arial, sans-serif\">atteindrons le \u00ab\u00a0<\/span><\/span><span style=\"color: #333333\"><span style=\"font-family: Arial, sans-serif\">Signal d&rsquo;Alaric\u00a0\u00bb, <\/span><\/span><span style=\"color: #333333\"><span style=\"font-family: Arial, sans-serif\">point culminant de ce massif,<\/span><\/span> <span style=\"color: #333333\"><span style=\"font-family: Arial, sans-serif\">apr\u00e8s \u00eatre pass\u00e9 au Roc gris <\/span><\/span><span style=\"color: #333333\"><span style=\"font-family: Arial, sans-serif\">aussi nomm\u00e9<\/span><\/span><span style=\"color: #333333\"><span style=\"font-family: Arial, sans-serif\"> \u00ab\u00a0saut de Roland\u00a0\u00bb <\/span><\/span><span style=\"color: #333333\"><span style=\"font-family: Arial, sans-serif\">, aux ruines de la m\u00e9tairie Vidal, <\/span><\/span><span style=\"color: #333333\"><span style=\"font-family: Arial, sans-serif\">\u00e0 la m\u00e9tairie sans fin, <\/span><\/span><span style=\"color: #333333\"><span style=\"font-family: Arial, sans-serif\">au <\/span><\/span><span style=\"color: #333333\"><span style=\"font-family: Arial, sans-serif\">mourel des mouches (roches remarquables)<\/span><\/span><span style=\"color: #333333\"><span style=\"font-family: Arial, sans-serif\">. <\/span><\/span><span style=\"color: #333333\"><span style=\"font-family: Arial, sans-serif\">Nous prendrons <\/span><\/span><span style=\"color: #333333\"><span style=\"font-family: Arial, sans-serif\">ensuite <\/span><\/span><span style=\"color: #333333\"><span style=\"font-family: Arial, sans-serif\">un chemin de cr\u00eate jusqu\u2019au rocher de l\u2019aigle d\u2019o\u00f9 nous pourrons profiter du panorama (si le temps nous le permet..)<\/span><\/span><\/span><\/p>\n<p><span style=\"color: #333333;font-size: 12pt\"><span style=\"font-family: Arial, sans-serif\">Le trajet de retour est pr\u00e9vu par la combe Mig\u00e8re.<\/span><\/span><\/p>\n<p><span style=\"color: #333333;font-size: 12pt\"><span style=\"font-family: Arial, sans-serif\">Ce parcours pourra \u00eatre adapt\u00e9 en fonction du terrain que nous rencontrerons, terrain trop boueux par ex sachant que des pluies sont attendues le vendredi et le samedi . Les possibilit\u00e9s d\u2019adaptation de cette boucle sont multiples.<\/span><\/span><\/p>\n<p><span style=\"color: #333333;font-size: 12pt\"><span style=\"font-family: Arial, sans-serif\">Les pr\u00e9visions m\u00e9t\u00e9o ne sont pas tr\u00e8s optimistes pour l\u2019instant. Consultez votre boite mail samedi en fin d\u2019apm, la randonn\u00e9e sera annul\u00e9e si la m\u00e9t\u00e9o n&rsquo;est pas suffisamment bonne.<\/span><\/span><\/p>\n<p><span style=\"font-family: Arial, sans-serif;font-size: 12pt\">Longueur : 17,6 kms\u00a0 \/\u00a0D\u00e9nivel\u00e9 :750m<\/span><\/p>\n<p><span style=\"font-family: Arial, sans-serif;font-size: 12pt\">Itin\u00e9raire :\u00a0 Carcassonne &#8211; Moux\u00a0 \u00a0\/\u00a0 RDV sur place : GPS 43.171424 \u2013 2.642505<\/span><\/p>\n<p><span style=\"font-family: arial, helvetica, sans-serif;font-size: 12pt\">Covoiturage : 20 \u00e0 25\u20ac\u00a0<\/span><\/p>\n<p><span style=\"font-family: Arial, sans-serif;font-size: 12pt\">D\u00e9part \u00e0 7h15 du parking Rivi\u00e8re (RDV \u00e0 7h00)<\/span><\/p>\n<p><span style=\"font-family: Arial, sans-serif;font-size: 12pt\">Inscriptions avant samedi 17h.<\/span><\/p>\n<p><a href=\"https:\/\/docs.google.com\/spreadsheets\/d\/1NV3YBT01JPZ8nNv3uYigL1oLJJmEKe_O0eAzJ2fCBj8\/edit?gid=625604147#gid=625604147\">Tableau d&rsquo;inscription<\/a><\/p>\n<p><a href=\"https:\/\/drive.google.com\/file\/d\/12FAFhEIaxuzyK-k34wcLuSexMu543YGH\/view?usp=drive_link\">La carte<\/a><\/p>\n<p><a href=\"https:\/\/drive.google.com\/file\/d\/1ziAzIcrcTbdLvACEpDUc6T6LVMMDuu9C\/view?usp=drive_link\">La trace GPX<\/a><\/p>\n<p>Claudine Dumas (06.66.89.82.40)<\/p>\n<p>&nbsp;<\/p>\n","protected":false},"excerpt":{"rendered":"<p>Bonjour, Je vous propose une belle randonn\u00e9e en boucle dans la montagne d&rsquo;Alaric aux portes de Carcassonne. Nous partirons de Moux et non de Douzens comme initialement pr\u00e9vu. La montagne d\u2019Alaric offre, par temps clair,\u00a0 une superbe vue panoramique sur les Pyren\u00e9es et la plaine audoise. Nous atteindrons le \u00ab\u00a0Signal d&rsquo;Alaric\u00a0\u00bb, point culminant de ce [&hellip;]<\/p>\n","protected":false},"author":104,"featured_media":0,"comment_status":"closed","ping_status":"closed","sticky":false,"template":"","format":"standard","meta":{"spay_email":"","footnotes":""},"categories":[5,9],"tags":[],"jetpack_featured_media_url":"","jetpack_shortlink":"https:\/\/wp.me\/paUY1z-5Hn","_links":{"self":[{"href":"https:\/\/www.sportingclubplaisance.org\/scp-rme.fr\/BlogRME\/wp-json\/wp\/v2\/posts\/21909"}],"collection":[{"href":"https:\/\/www.sportingclubplaisance.org\/scp-rme.fr\/BlogRME\/wp-json\/wp\/v2\/posts"}],"about":[{"href":"https:\/\/www.sportingclubplaisance.org\/scp-rme.fr\/BlogRME\/wp-json\/wp\/v2\/types\/post"}],"author":[{"embeddable":true,"href":"https:\/\/www.sportingclubplaisance.org\/scp-rme.fr\/BlogRME\/wp-json\/wp\/v2\/users\/104"}],"replies":[{"embeddable":true,"href":"https:\/\/www.sportingclubplaisance.org\/scp-rme.fr\/BlogRME\/wp-json\/wp\/v2\/comments?post=21909"}],"version-history":[{"count":3,"href":"https:\/\/www.sportingclubplaisance.org\/scp-rme.fr\/BlogRME\/wp-json\/wp\/v2\/posts\/21909\/revisions"}],"predecessor-version":[{"id":21920,"href":"https:\/\/www.sportingclubplaisance.org\/scp-rme.fr\/BlogRME\/wp-json\/wp\/v2\/posts\/21909\/revisions\/21920"}],"wp:attachment":[{"href":"https:\/\/www.sportingclubplaisance.org\/scp-rme.fr\/BlogRME\/wp-json\/wp\/v2\/media?parent=21909"}],"wp:term":[{"taxonomy":"category","embeddable":true,"href":"https:\/\/www.sportingclubplaisance.org\/scp-rme.fr\/BlogRME\/wp-json\/wp\/v2\/categories?post=21909"},{"taxonomy":"post_tag","embeddable":true,"href":"https:\/\/www.sportingclubplaisance.org\/scp-rme.fr\/BlogRME\/wp-json\/wp\/v2\/tags?post=21909"}],"curies":[{"name":"wp","href":"https:\/\/api.w.org\/{rel}","templated":true}]}}