{"id":15417,"date":"2024-07-01T19:20:46","date_gmt":"2024-07-01T17:20:46","guid":{"rendered":"https:\/\/www.sportingclubplaisance.org\/scp-rme.fr\/BlogRME\/?p=15417"},"modified":"2024-07-01T19:20:46","modified_gmt":"2024-07-01T17:20:46","slug":"weekend-encantats-randos-niv-iv-6-et-7-juillet-2024","status":"publish","type":"post","link":"https:\/\/www.sportingclubplaisance.org\/scp-rme.fr\/BlogRME\/divers\/weekend-encantats-randos-niv-iv-6-et-7-juillet-2024\/","title":{"rendered":"Weekend Encantats &#8211; Randos niv IV+ &#8211; 6 et 7 juillet 2024"},"content":{"rendered":"<p style=\"font-weight: 400\">Bonjour,<\/p>\n<p style=\"font-weight: 400\">Comme indiqu\u00e9 sur le programme, je vous propose un weekend, les 6 et 7 juillet 2024, \u00a0dans les Encantats avec pour camp de base Melles, un beau village situ\u00e9 pr\u00e8s de la fronti\u00e8re espagnole.<\/p>\n<p style=\"font-weight: 400\">Nous remercions G\u00e9rard de nous accueillir chez lui et nous faire d\u00e9couvrir cette belle r\u00e9gion.<\/p>\n<p><strong>Samedi 6 juillet<\/strong> : Pic de de Montardo d&rsquo;Aran (2833m) depuis le Pont de Ressac, via le lac et le refuge de la Restanca &#8211; aller\/retour d&rsquo;environ 17km, 1500m de d\u00e9nivel\u00e9e, 7h30 sans les pauses (niv IV+). Pas difficult\u00e9s techniques sinon la distance, et pentes raides. En principe, ce sera un aller\/retour, mais en fonction du temps, m\u00e9t\u00e9o et forme des participants, le retour au parking apr\u00e8s le refuge de la Restanca se fera par la belle vall\u00e9e de la Ribera Del Rius.<\/p>\n<p>Le pic de Montardo d&rsquo;Aran est un des sommets embl\u00e9matiques des Encantats, et offre par beau temps une vue exceptionnelle sur 360\u00b0.<\/p>\n<p><strong>Dimanche 7 juillet<\/strong> : en raison des \u00e9lections l\u00e9gislatives, nous irons visiter le cirque de Colomers le weekend des 21 et 22 sept. La rando est remplac\u00e9e par le Tuc de Senevies (1781m) et la cr\u00eate vers le Pic Pale de Bidau (1936m) depuis le village de Melles : 15km, 1200m de d\u00e9nivel\u00e9e (niv IV).<\/p>\n<p><span style=\"color: #0000ff\">Me contacter pour plus d&rsquo;infos sur les 2 parcours !<\/span><\/p>\n<p><strong style=\"font-weight: 400\">D\u00e9part<\/strong>\u00a0<strong>vendredi 5 juillet au plus tard \u00e0 17h15<\/strong> : lieu de covoiturage sera pr\u00e9cis\u00e9 ult\u00e9rieurement en fonction des personnes inscrites.<\/p>\n<p><strong>Retour dimanche 7 juillet<\/strong> : d\u00e9part du parking de la rando choisie au plus tard \u00e0 15h45 pour pouvoir voter.<\/p>\n<p style=\"font-weight: 400\"><strong>Distance en voiture jusqu&rsquo;\u00e0 Melles\u00a0<\/strong>\u00a0: environ 130 km (1h35)<\/p>\n<p style=\"font-weight: 400\"><strong>Mat\u00e9riel\u00a0<\/strong>: \u00a0b\u00e2tons, coupe-vent, chapeau, cr\u00e8me solaire, picnic pour les 2 randos, sac \u00e0 viande ou duvet pour le couchage, serviette de toilette, petit d\u00e9jeuner pour samedi et dimanche, ap\u00e9ro et dessert pour les d\u00eeners des vendredi et samedi soirs ; les d\u00eeners (vendredi et samedi soirs) seront des plats emport\u00e9s du restaurant du village (10\u20ac par plat). <span style=\"color: #0000ff\">Un courriel avec plus de d\u00e9tail sera envoy\u00e9 aux personnes inscrites mercredi soir 3 juillet.<\/span><\/p>\n<p><strong>Inscriptions<a href=\"https:\/\/docs.google.com\/spreadsheets\/d\/1tTkS8vaZ2yAjWvQ-hFBZi_FMW9mIalI0SYpODU38eIQ\/edit#gid=1125144447\">\u00a0 \u00a0<span style=\"color: #ff00ff\">ICI<\/span> \u00a0 \u00a0 \u00a0<\/a><\/strong><strong>au plus tard mercredi 3 juillet 2024 avant 20h.<\/strong><\/p>\n<p>En cas de conditions m\u00e9t\u00e9orologiques d\u00e9favorables, un plan B sera organis\u00e9 sur le weekend !<\/p>\n<p>A votre disposition pour toute information compl\u00e9mentaire.<\/p>\n<p style=\"font-weight: 400\">Amicalement,<\/p>\n<p style=\"font-weight: 400\">Dominique Bonnissent (06 58 45 89 86)<\/p>\n","protected":false},"excerpt":{"rendered":"<p>Bonjour, Comme indiqu\u00e9 sur le programme, je vous propose un weekend, les 6 et 7 juillet 2024, \u00a0dans les Encantats avec pour camp de base Melles, un beau village situ\u00e9 pr\u00e8s de la fronti\u00e8re espagnole. Nous remercions G\u00e9rard de nous accueillir chez lui et nous faire d\u00e9couvrir cette belle r\u00e9gion. Samedi 6 juillet : Pic [&hellip;]<\/p>\n","protected":false},"author":64,"featured_media":0,"comment_status":"closed","ping_status":"closed","sticky":false,"template":"","format":"standard","meta":{"spay_email":"","footnotes":""},"categories":[5],"tags":[],"jetpack_featured_media_url":"","jetpack_shortlink":"https:\/\/wp.me\/paUY1z-40F","_links":{"self":[{"href":"https:\/\/www.sportingclubplaisance.org\/scp-rme.fr\/BlogRME\/wp-json\/wp\/v2\/posts\/15417"}],"collection":[{"href":"https:\/\/www.sportingclubplaisance.org\/scp-rme.fr\/BlogRME\/wp-json\/wp\/v2\/posts"}],"about":[{"href":"https:\/\/www.sportingclubplaisance.org\/scp-rme.fr\/BlogRME\/wp-json\/wp\/v2\/types\/post"}],"author":[{"embeddable":true,"href":"https:\/\/www.sportingclubplaisance.org\/scp-rme.fr\/BlogRME\/wp-json\/wp\/v2\/users\/64"}],"replies":[{"embeddable":true,"href":"https:\/\/www.sportingclubplaisance.org\/scp-rme.fr\/BlogRME\/wp-json\/wp\/v2\/comments?post=15417"}],"version-history":[{"count":6,"href":"https:\/\/www.sportingclubplaisance.org\/scp-rme.fr\/BlogRME\/wp-json\/wp\/v2\/posts\/15417\/revisions"}],"predecessor-version":[{"id":15427,"href":"https:\/\/www.sportingclubplaisance.org\/scp-rme.fr\/BlogRME\/wp-json\/wp\/v2\/posts\/15417\/revisions\/15427"}],"wp:attachment":[{"href":"https:\/\/www.sportingclubplaisance.org\/scp-rme.fr\/BlogRME\/wp-json\/wp\/v2\/media?parent=15417"}],"wp:term":[{"taxonomy":"category","embeddable":true,"href":"https:\/\/www.sportingclubplaisance.org\/scp-rme.fr\/BlogRME\/wp-json\/wp\/v2\/categories?post=15417"},{"taxonomy":"post_tag","embeddable":true,"href":"https:\/\/www.sportingclubplaisance.org\/scp-rme.fr\/BlogRME\/wp-json\/wp\/v2\/tags?post=15417"}],"curies":[{"name":"wp","href":"https:\/\/api.w.org\/{rel}","templated":true}]}}