{"id":13718,"date":"2024-01-19T09:30:22","date_gmt":"2024-01-19T08:30:22","guid":{"rendered":"https:\/\/www.sportingclubplaisance.org\/scp-rme.fr\/BlogRME\/?p=13718"},"modified":"2024-01-18T22:11:30","modified_gmt":"2024-01-18T21:11:30","slug":"le-col-et-la-cabane-de-bareges-depuis-le-col-du-portillon-31-raquettes-niveau-1-dimanche-21-janvier","status":"publish","type":"post","link":"https:\/\/www.sportingclubplaisance.org\/scp-rme.fr\/BlogRME\/rando-du-dimanche\/le-col-et-la-cabane-de-bareges-depuis-le-col-du-portillon-31-raquettes-niveau-1-dimanche-21-janvier\/","title":{"rendered":"Le col et la cabane de Bar\u00e8ges depuis le col du Portillon (31) &#8211; Raquettes niveau 1 &#8211; Dimanche 21 janvier"},"content":{"rendered":"<p><span style=\"font-size: 12pt\">Une longue piste tranquille dans une belle for\u00eat, puis un vallon plus montagnard nous conduisent \u00e0 un vaste col et \u00e0 ses petites cabanes ensoleill\u00e9es.<\/span><br \/>\n<span style=\"font-size: 12pt\">Face \u00e0 nous \u00e0 port\u00e9e de mains, un paysage splendide avec au fond la haute-cha\u00eene des 3000 pyr\u00e9n\u00e9ens.<\/span><br \/>\n<span style=\"font-size: 12pt\">A noter que la randonn\u00e9e se fait enti\u00e8rement en Espagne (Val d&rsquo;Aran) jusqu&rsquo;au col de Bar\u00e8ges, fronti\u00e8re avec la France. <\/span><span style=\"font-size: 12pt\">Randonn\u00e9e assez facile depuis le parking (1290m) mais un peu longue (8km, 5h AR), le d\u00e9nivel\u00e9 est de 490m.<\/span><\/p>\n<ul>\n<li><span style=\"font-size: 12pt\">longueur : 8,3km<\/span><\/li>\n<li><span style=\"font-size: 12pt\">d\u00e9nivel\u00e9 : 490m<\/span><\/li>\n<li><span style=\"font-size: 12pt\">alt min : 1290<\/span><\/li>\n<li><span style=\"font-size: 12pt\">Alt max : 1750m<\/span><\/li>\n<li><span style=\"font-size: 12pt\">dur\u00e9e : 5h AR<\/span><\/li>\n<\/ul>\n<p><span style=\"font-size: 12pt\">Lieu de d\u00e9part de la rando : Parking du col du portillon \u00e0 droite en venant de Luchon. Le d\u00e9part de la rando est \u00e0 300m cot\u00e9 Val d&rsquo;Aran. Possibilit\u00e9 de se garer un peu plus pr\u00e8s s&rsquo;il y a peu de voitures d\u00e9j\u00e0 sur place. Coordonn\u00e9es GPS : 42.7690 0.6600<\/span><\/p>\n<p><span style=\"font-size: 12pt\">itin\u00e9raire : <\/span><span style=\"font-size: 12pt\">1h50 route, 145km<\/span><br \/>\n<span style=\"font-size: 12pt\">Depuis Plaisance, rejoindre l&rsquo;A64, sortie 17 vers Luchon. Traverser Bagn\u00e8res de Luchon en direction de Saint Mamet\/Col du portillon\/ Espagne.<\/span><br \/>\n<span style=\"font-size: 12pt\">Au retour, nous redescendrons par le versant Espagnol et nous arr\u00eaterons au charmant village Aranais de Bossost pour le pot de l\u2019amiti\u00e9. <\/span><span style=\"font-size: 12pt\">Retour par Saint-B\u00e9at puis l&rsquo;A64.<\/span><\/p>\n<p><span style=\"font-size: 12pt\">D\u00e9part \u00e0 7h du parking rivi\u00e8re &#8211; RV \u00e0 6h45 pr\u00e9cise pour ceux qui ont besoin de raquettes (n&rsquo;oubliez pas de le pr\u00e9cisez sur la fiche d&rsquo;inscription)<\/span><br \/>\n<span style=\"font-size: 12pt\">On prendra dans la mesure du possible des voitures avec un grand coffre et \u00e9quip\u00e9es en pneu 4 saisons\/neige ou avec des cha\u00eenes dans le coffre.<\/span><\/p>\n<p><span style=\"font-size: 12pt\">Le parking \u00e0 l&rsquo;arriv\u00e9e \u00e9tant petit, 3 voitures de 5 personnes maximum. Si plus de 15 personnes, inscrivez vous en liste d&rsquo;attente en bas du fichier au cas o\u00f9 il y ait des annulations.<\/span><\/p>\n<p><span style=\"font-size: 12pt\">L&rsquo;\u00e9pisode neigeux en cours ce vendredi devrait apporter une dizaine de cm de neige \u00e0 1500m, ce qui sera bien agr\u00e9able (mais un peu l\u00e9ger)\u00a0 au vu de la situation de ces derniers jours. C<\/span><span style=\"font-size: 12pt\">es chutes de neige devraient nous permettre de partir raquettes aux pieds, mais rien n&rsquo;est moins s\u00fbr, donc pr\u00e9voyez\u00a0 des sacs \u00e0 dos avec des lani\u00e8res pour accrocher vos raquettes si n\u00e9cessaire. A noter que nous monterons en versant Nord et si vous avez des crampons (y compris petits crampons \u00e0 neige de base), prenez les avec vous, au cas o\u00f9 les raquettes restent accroch\u00e9es \u00e0 nos sacs.<\/span><\/p>\n<p><span style=\"font-size: 12pt\">Co\u00fbt par passager entre 20 et 27\u20ac en fonction du nombre de participants et de voitures<\/span><\/p>\n<p><span style=\"font-size: 12pt\">Inscription avant samedi 17h<\/span><\/p>\n<p><span style=\"font-size: 12pt\"><a href=\"https:\/\/docs.google.com\/spreadsheets\/d\/1cwW0eKZadUHbDmJF4Al1oLRTXem2MGoyHW1FB530Qe8\/edit#gid=2000173314\">tableau d&rsquo;inscription<\/a><\/span><\/p>\n<p><span style=\"font-size: 12pt\"><a href=\"https:\/\/drive.google.com\/file\/d\/1rzFnQg5FCdcc2cYI6R1WZ0PFYz54Kq-e\/view?usp=drive_link\">carte<\/a><\/span><\/p>\n<p><span style=\"font-size: 12pt\"><a href=\"https:\/\/drive.google.com\/file\/d\/1Kyc25b0IHhqIA4hW6_M4rQVGuA9Nr79-\/view?usp=drive_link\">trace gpx<\/a><\/span><\/p>\n<p><span style=\"font-size: 12pt\">Pensez \u00e0 consulter votre boite mail samedi soir vers 20h-21h. Cette sortie sera annul\u00e9e en cas de mauvaises conditions m\u00e9t\u00e9o<\/span><\/p>\n<p><span style=\"font-size: 12pt\">Patrick Pichard 0677350091<\/span><\/p>\n","protected":false},"excerpt":{"rendered":"<p>Une longue piste tranquille dans une belle for\u00eat, puis un vallon plus montagnard nous conduisent \u00e0 un vaste col et \u00e0 ses petites cabanes ensoleill\u00e9es. Face \u00e0 nous \u00e0 port\u00e9e de mains, un paysage splendide avec au fond la haute-cha\u00eene des 3000 pyr\u00e9n\u00e9ens. A noter que la randonn\u00e9e se fait enti\u00e8rement en Espagne (Val d&rsquo;Aran) [&hellip;]<\/p>\n","protected":false},"author":96,"featured_media":0,"comment_status":"closed","ping_status":"closed","sticky":false,"template":"","format":"standard","meta":{"spay_email":"","footnotes":""},"categories":[9],"tags":[70],"jetpack_featured_media_url":"","jetpack_shortlink":"https:\/\/wp.me\/paUY1z-3zg","_links":{"self":[{"href":"https:\/\/www.sportingclubplaisance.org\/scp-rme.fr\/BlogRME\/wp-json\/wp\/v2\/posts\/13718"}],"collection":[{"href":"https:\/\/www.sportingclubplaisance.org\/scp-rme.fr\/BlogRME\/wp-json\/wp\/v2\/posts"}],"about":[{"href":"https:\/\/www.sportingclubplaisance.org\/scp-rme.fr\/BlogRME\/wp-json\/wp\/v2\/types\/post"}],"author":[{"embeddable":true,"href":"https:\/\/www.sportingclubplaisance.org\/scp-rme.fr\/BlogRME\/wp-json\/wp\/v2\/users\/96"}],"replies":[{"embeddable":true,"href":"https:\/\/www.sportingclubplaisance.org\/scp-rme.fr\/BlogRME\/wp-json\/wp\/v2\/comments?post=13718"}],"version-history":[{"count":11,"href":"https:\/\/www.sportingclubplaisance.org\/scp-rme.fr\/BlogRME\/wp-json\/wp\/v2\/posts\/13718\/revisions"}],"predecessor-version":[{"id":13729,"href":"https:\/\/www.sportingclubplaisance.org\/scp-rme.fr\/BlogRME\/wp-json\/wp\/v2\/posts\/13718\/revisions\/13729"}],"wp:attachment":[{"href":"https:\/\/www.sportingclubplaisance.org\/scp-rme.fr\/BlogRME\/wp-json\/wp\/v2\/media?parent=13718"}],"wp:term":[{"taxonomy":"category","embeddable":true,"href":"https:\/\/www.sportingclubplaisance.org\/scp-rme.fr\/BlogRME\/wp-json\/wp\/v2\/categories?post=13718"},{"taxonomy":"post_tag","embeddable":true,"href":"https:\/\/www.sportingclubplaisance.org\/scp-rme.fr\/BlogRME\/wp-json\/wp\/v2\/tags?post=13718"}],"curies":[{"name":"wp","href":"https:\/\/api.w.org\/{rel}","templated":true}]}}